{"id":404,"date":"2023-09-18T08:34:30","date_gmt":"2023-09-18T08:34:30","guid":{"rendered":"https:\/\/ts-macedonia.mk\/?p=404"},"modified":"2023-09-18T08:34:32","modified_gmt":"2023-09-18T08:34:32","slug":"der-prasident-der-oemvp-fordert-den-abbau-der-schattenwirtschaft-und-die-losung-des-arbeitskrafteproblems-als-voraussetzung-fur-die-europaische-integration","status":"publish","type":"post","link":"https:\/\/ts-macedonia.mk\/?p=404&lang=de","title":{"rendered":"Der Pr\u00e4sident der OEMVP fordert den Abbau der Schattenwirtschaft und die L\u00f6sung des Arbeitskr\u00e4fteproblems als Voraussetzung f\u00fcr die europ\u00e4ische Integration."},"content":{"rendered":"\n<figure class=\"wp-block-embed is-type-wp-embed is-provider-oemvp wp-block-embed-oemvp\"><div class=\"wp-block-embed__wrapper\">\n<blockquote class=\"wp-embedded-content\" data-secret=\"nx4rX7bOW8\"><a href=\"https:\/\/oemvp.org\/kryetari-i-oemvp-ben-thirrje-per-zvogelimin-e-ekonomise-gri-dhe-zgjidhjen-e-problemit-te-fuqise-punetore-si-parakusht-per-integrimet-evropiane-2\/\">Kryetari i OEMVP b\u00ebn thirrje p\u00ebr zvog\u00eblimin e ekonomis\u00eb gri dhe zgjidhjen e problemit t\u00eb fuqis\u00eb pun\u00ebtor\u00eb, si parakusht p\u00ebr integrimet evropiane<\/a><\/blockquote><iframe loading=\"lazy\" class=\"wp-embedded-content\" sandbox=\"allow-scripts\" security=\"restricted\" style=\"position: absolute; clip: rect(1px, 1px, 1px, 1px);\" title=\"&#8220;Kryetari i OEMVP b\u00ebn thirrje p\u00ebr zvog\u00eblimin e ekonomis\u00eb gri dhe zgjidhjen e problemit t\u00eb fuqis\u00eb pun\u00ebtor\u00eb, si parakusht p\u00ebr integrimet evropiane&#8221; &#8212; OEMVP\" src=\"https:\/\/oemvp.org\/kryetari-i-oemvp-ben-thirrje-per-zvogelimin-e-ekonomise-gri-dhe-zgjidhjen-e-problemit-te-fuqise-punetore-si-parakusht-per-integrimet-evropiane-2\/embed\/#?secret=nx4rX7bOW8\" data-secret=\"nx4rX7bOW8\" width=\"600\" height=\"338\" frameborder=\"0\" marginwidth=\"0\" marginheight=\"0\" scrolling=\"no\"><\/iframe>\n<\/div><\/figure>\n","protected":false},"excerpt":{"rendered":"","protected":false},"author":1,"featured_media":397,"comment_status":"open","ping_status":"closed","sticky":false,"template":"","format":"standard","meta":{"_et_pb_use_builder":"off","_et_pb_old_content":"","_et_gb_content_width":"","footnotes":""},"categories":[48],"tags":[],"class_list":["post-404","post","type-post","status-publish","format-standard","has-post-thumbnail","hentry","category-homepagenews-de"],"_links":{"self":[{"href":"https:\/\/ts-macedonia.mk\/index.php?rest_route=\/wp\/v2\/posts\/404","targetHints":{"allow":["GET"]}}],"collection":[{"href":"https:\/\/ts-macedonia.mk\/index.php?rest_route=\/wp\/v2\/posts"}],"about":[{"href":"https:\/\/ts-macedonia.mk\/index.php?rest_route=\/wp\/v2\/types\/post"}],"author":[{"embeddable":true,"href":"https:\/\/ts-macedonia.mk\/index.php?rest_route=\/wp\/v2\/users\/1"}],"replies":[{"embeddable":true,"href":"https:\/\/ts-macedonia.mk\/index.php?rest_route=%2Fwp%2Fv2%2Fcomments&post=404"}],"version-history":[{"count":1,"href":"https:\/\/ts-macedonia.mk\/index.php?rest_route=\/wp\/v2\/posts\/404\/revisions"}],"predecessor-version":[{"id":405,"href":"https:\/\/ts-macedonia.mk\/index.php?rest_route=\/wp\/v2\/posts\/404\/revisions\/405"}],"wp:featuredmedia":[{"embeddable":true,"href":"https:\/\/ts-macedonia.mk\/index.php?rest_route=\/wp\/v2\/media\/397"}],"wp:attachment":[{"href":"https:\/\/ts-macedonia.mk\/index.php?rest_route=%2Fwp%2Fv2%2Fmedia&parent=404"}],"wp:term":[{"taxonomy":"category","embeddable":true,"href":"https:\/\/ts-macedonia.mk\/index.php?rest_route=%2Fwp%2Fv2%2Fcategories&post=404"},{"taxonomy":"post_tag","embeddable":true,"href":"https:\/\/ts-macedonia.mk\/index.php?rest_route=%2Fwp%2Fv2%2Ftags&post=404"}],"curies":[{"name":"wp","href":"https:\/\/api.w.org\/{rel}","templated":true}]}}