{"id":429,"date":"2023-09-25T11:43:38","date_gmt":"2023-09-25T11:43:38","guid":{"rendered":"https:\/\/ts-macedonia.mk\/?p=429"},"modified":"2023-09-25T11:43:41","modified_gmt":"2023-09-25T11:43:41","slug":"burgermeister-qyra-in-prag-ladt-tschechische-investitionen-in-rmv-ein-und-bittet-um-unterstutzung-fur-die-eurointegration","status":"publish","type":"post","link":"https:\/\/ts-macedonia.mk\/?p=429&lang=de","title":{"rendered":"B\u00fcrgermeister Qyra in Prag \u2013 l\u00e4dt tschechische Investitionen in RMV ein und bittet um Unterst\u00fctzung f\u00fcr die Eurointegration"},"content":{"rendered":"\n<figure class=\"wp-block-embed is-type-wp-embed is-provider-oemvp wp-block-embed-oemvp\"><div class=\"wp-block-embed__wrapper\">\n<blockquote class=\"wp-embedded-content\" data-secret=\"ncYn87ufkv\"><a href=\"https:\/\/oemvp.org\/kryetari-qyra-ne-prage-fton-investimet-ceke-ne-rmv-dhe-kerkon-mbeshtetje-per-eurointegrime-2\/\">Kryetari Qyra n\u00eb Prag\u00eb &#8211; Fton investimet \u00c7eke n\u00eb RMV dhe k\u00ebrkon mb\u00ebshtetje p\u00ebr Eurointegrime<\/a><\/blockquote><iframe loading=\"lazy\" class=\"wp-embedded-content\" sandbox=\"allow-scripts\" security=\"restricted\" style=\"position: absolute; clip: rect(1px, 1px, 1px, 1px);\" title=\"&#8220;Kryetari Qyra n\u00eb Prag\u00eb &#8211; Fton investimet \u00c7eke n\u00eb RMV dhe k\u00ebrkon mb\u00ebshtetje p\u00ebr Eurointegrime&#8221; &#8212; OEMVP\" src=\"https:\/\/oemvp.org\/kryetari-qyra-ne-prage-fton-investimet-ceke-ne-rmv-dhe-kerkon-mbeshtetje-per-eurointegrime-2\/embed\/#?secret=ncYn87ufkv\" data-secret=\"ncYn87ufkv\" width=\"600\" height=\"338\" frameborder=\"0\" marginwidth=\"0\" marginheight=\"0\" scrolling=\"no\"><\/iframe>\n<\/div><\/figure>\n","protected":false},"excerpt":{"rendered":"","protected":false},"author":1,"featured_media":423,"comment_status":"open","ping_status":"closed","sticky":false,"template":"","format":"standard","meta":{"_et_pb_use_builder":"off","_et_pb_old_content":"","_et_gb_content_width":"","footnotes":""},"categories":[48],"tags":[],"class_list":["post-429","post","type-post","status-publish","format-standard","has-post-thumbnail","hentry","category-homepagenews-de"],"_links":{"self":[{"href":"https:\/\/ts-macedonia.mk\/index.php?rest_route=\/wp\/v2\/posts\/429","targetHints":{"allow":["GET"]}}],"collection":[{"href":"https:\/\/ts-macedonia.mk\/index.php?rest_route=\/wp\/v2\/posts"}],"about":[{"href":"https:\/\/ts-macedonia.mk\/index.php?rest_route=\/wp\/v2\/types\/post"}],"author":[{"embeddable":true,"href":"https:\/\/ts-macedonia.mk\/index.php?rest_route=\/wp\/v2\/users\/1"}],"replies":[{"embeddable":true,"href":"https:\/\/ts-macedonia.mk\/index.php?rest_route=%2Fwp%2Fv2%2Fcomments&post=429"}],"version-history":[{"count":1,"href":"https:\/\/ts-macedonia.mk\/index.php?rest_route=\/wp\/v2\/posts\/429\/revisions"}],"predecessor-version":[{"id":430,"href":"https:\/\/ts-macedonia.mk\/index.php?rest_route=\/wp\/v2\/posts\/429\/revisions\/430"}],"wp:featuredmedia":[{"embeddable":true,"href":"https:\/\/ts-macedonia.mk\/index.php?rest_route=\/wp\/v2\/media\/423"}],"wp:attachment":[{"href":"https:\/\/ts-macedonia.mk\/index.php?rest_route=%2Fwp%2Fv2%2Fmedia&parent=429"}],"wp:term":[{"taxonomy":"category","embeddable":true,"href":"https:\/\/ts-macedonia.mk\/index.php?rest_route=%2Fwp%2Fv2%2Fcategories&post=429"},{"taxonomy":"post_tag","embeddable":true,"href":"https:\/\/ts-macedonia.mk\/index.php?rest_route=%2Fwp%2Fv2%2Ftags&post=429"}],"curies":[{"name":"wp","href":"https:\/\/api.w.org\/{rel}","templated":true}]}}